{"id":22016,"date":"2026-04-29T07:26:44","date_gmt":"2026-04-29T07:26:44","guid":{"rendered":"https:\/\/www.sirmionehotel.com\/eventi-sirmione-lago-di-garda\/hundertjahrfeier-der-monte-suello-sektion-feierlichkeiten-und-besondere-veranstaltungen-in-salo\/"},"modified":"2026-04-29T07:27:27","modified_gmt":"2026-04-29T07:27:27","slug":"hundertjahrfeier-der-monte-suello-sektion-feierlichkeiten-und-besondere-veranstaltungen-in-salo","status":"publish","type":"post","link":"https:\/\/www.sirmionehotel.com\/de\/eventi-sirmione-lago-di-garda\/hundertjahrfeier-der-monte-suello-sektion-feierlichkeiten-und-besondere-veranstaltungen-in-salo\/","title":{"rendered":"Hundertjahrfeier der Monte Suello Sektion: Feierlichkeiten und Besondere Veranstaltungen in Sal\u00f2"},"content":{"rendered":"<p>Die &#8222;Monte Suello&#8220; Sektion in Sal\u00f2 feiert ein Jahrhundert alpiner Geschichte mit einer besonderen Veranstaltung, an der alle \u00f6rtlichen Gruppen teilnehmen werden. Der Vessillo wird sich auf eine lange Wanderung begeben und die 57 \u00f6rtlichen Gruppen besuchen. Die Alpini-Gruppe von Sirmione wird das Ereignis am 12. und 13. Mai 2026 mit zwei bedeutenden Momenten ausrichten.<\/p>\n<p>Der erste Moment findet am 12. Mai am Denkmal der Alpini-Brigaden in der Via Mantegna, 63, statt. Die Zeremonie beginnt um 19:00 Uhr mit der Segnung des Lorbeerkranzes und der Niederlegung zu Ehren der Gefallenen. Dies wird von der offiziellen \u00dcbergabe des Vessillos und des Goldenen Albums an die Gruppe von Sirmione begleitet, zusammen mit bedeutenden Reden und Pr\u00e4sentationen. Der Tag endet mit einer heiligen Messe, die den Gruppenleitern und den verstorbenen Alpini gewidmet ist.<\/p>\n<p>Der zweite Moment am 13. Mai f\u00fchrt ins historische Zentrum von Sirmione mit einer Parade, die vom Schloss zum San Pietro in Mavino f\u00fchrt. Dort werden dem Vessillo Ehren erwiesen, die Fahne gehisst und ein goldener Kranz am Denkmal der Gefallen niedergelegt, gefolgt von einer Gedenkmesse.<\/p>\n<p>F\u00fcr diejenigen, die nicht teilnehmen k\u00f6nnen, wird der Vessillo am 14. Mai von 9:00 bis 18:00 Uhr in der Zentrale der Alpini-Gruppe in Sirmione ausgestellt sein.<\/p>\n","protected":false},"excerpt":{"rendered":"<p>Die &#8222;Monte Suello&#8220; Sektion in Sal\u00f2 feiert ein Jahrhundert alpiner Geschichte mit [&hellip;]<\/p>\n","protected":false},"author":3,"featured_media":22017,"comment_status":"closed","ping_status":"closed","sticky":false,"template":"","format":"standard","meta":{"_acf_changed":false,"footnotes":""},"categories":[204,16],"tags":[],"class_list":["post-22016","post","type-post","status-publish","format-standard","has-post-thumbnail","hentry","category-ereignisse-in-sirmione","category-eventi-sirmione-lago-di-garda"],"acf":[],"yoast_head":"<!-- This site is optimized with the Yoast SEO plugin v27.5 - https:\/\/yoast.com\/product\/yoast-seo-wordpress\/ -->\n<title>Hundertjahrfeier der Monte Suello Sektion: Feierlichkeiten und Besondere Veranstaltungen in Sal\u00f2 - Consorzio Albergatori Ristoratori Sirmione<\/title>\n<meta name=\"robots\" content=\"index, follow, max-snippet:-1, max-image-preview:large, max-video-preview:-1\" \/>\n<link rel=\"canonical\" href=\"https:\/\/www.sirmionehotel.com\/de\/eventi-sirmione-lago-di-garda\/hundertjahrfeier-der-monte-suello-sektion-feierlichkeiten-und-besondere-veranstaltungen-in-salo\/\" \/>\n<meta name=\"twitter:label1\" content=\"Verfasst von\" \/>\n\t<meta name=\"twitter:data1\" content=\"alessandro\" \/>\n\t<meta name=\"twitter:label2\" content=\"Gesch\u00e4tzte Lesezeit\" \/>\n\t<meta name=\"twitter:data2\" content=\"1\u00a0Minute\" \/>\n<script type=\"application\/ld+json\" class=\"yoast-schema-graph\">{\"@context\":\"https:\\\/\\\/schema.org\",\"@graph\":[{\"@type\":\"Article\",\"@id\":\"https:\\\/\\\/www.sirmionehotel.com\\\/de\\\/eventi-sirmione-lago-di-garda\\\/hundertjahrfeier-der-monte-suello-sektion-feierlichkeiten-und-besondere-veranstaltungen-in-salo\\\/#article\",\"isPartOf\":{\"@id\":\"https:\\\/\\\/www.sirmionehotel.com\\\/de\\\/eventi-sirmione-lago-di-garda\\\/hundertjahrfeier-der-monte-suello-sektion-feierlichkeiten-und-besondere-veranstaltungen-in-salo\\\/\"},\"author\":{\"name\":\"alessandro\",\"@id\":\"https:\\\/\\\/www.sirmionehotel.com\\\/#\\\/schema\\\/person\\\/1aa094c577161236d86ba8c2e910eba6\"},\"headline\":\"Hundertjahrfeier der Monte Suello Sektion: Feierlichkeiten und Besondere Veranstaltungen in Sal\u00f2\",\"datePublished\":\"2026-04-29T07:26:44+00:00\",\"dateModified\":\"2026-04-29T07:27:27+00:00\",\"mainEntityOfPage\":{\"@id\":\"https:\\\/\\\/www.sirmionehotel.com\\\/de\\\/eventi-sirmione-lago-di-garda\\\/hundertjahrfeier-der-monte-suello-sektion-feierlichkeiten-und-besondere-veranstaltungen-in-salo\\\/\"},\"wordCount\":207,\"image\":{\"@id\":\"https:\\\/\\\/www.sirmionehotel.com\\\/de\\\/eventi-sirmione-lago-di-garda\\\/hundertjahrfeier-der-monte-suello-sektion-feierlichkeiten-und-besondere-veranstaltungen-in-salo\\\/#primaryimage\"},\"thumbnailUrl\":\"https:\\\/\\\/www.sirmionehotel.com\\\/wp-content\\\/uploads\\\/2026\\\/04\\\/Centenario_Sezione_Monte_Suello_Saly.jpg\",\"articleSection\":[\"Ereignisse in Sirmione\",\"Eventi Sirmione Lago di Garda\"],\"inLanguage\":\"de\"},{\"@type\":\"WebPage\",\"@id\":\"https:\\\/\\\/www.sirmionehotel.com\\\/de\\\/eventi-sirmione-lago-di-garda\\\/hundertjahrfeier-der-monte-suello-sektion-feierlichkeiten-und-besondere-veranstaltungen-in-salo\\\/\",\"url\":\"https:\\\/\\\/www.sirmionehotel.com\\\/de\\\/eventi-sirmione-lago-di-garda\\\/hundertjahrfeier-der-monte-suello-sektion-feierlichkeiten-und-besondere-veranstaltungen-in-salo\\\/\",\"name\":\"Hundertjahrfeier der Monte Suello Sektion: Feierlichkeiten und Besondere Veranstaltungen in Sal\u00f2 - Consorzio Albergatori Ristoratori Sirmione\",\"isPartOf\":{\"@id\":\"https:\\\/\\\/www.sirmionehotel.com\\\/#website\"},\"primaryImageOfPage\":{\"@id\":\"https:\\\/\\\/www.sirmionehotel.com\\\/de\\\/eventi-sirmione-lago-di-garda\\\/hundertjahrfeier-der-monte-suello-sektion-feierlichkeiten-und-besondere-veranstaltungen-in-salo\\\/#primaryimage\"},\"image\":{\"@id\":\"https:\\\/\\\/www.sirmionehotel.com\\\/de\\\/eventi-sirmione-lago-di-garda\\\/hundertjahrfeier-der-monte-suello-sektion-feierlichkeiten-und-besondere-veranstaltungen-in-salo\\\/#primaryimage\"},\"thumbnailUrl\":\"https:\\\/\\\/www.sirmionehotel.com\\\/wp-content\\\/uploads\\\/2026\\\/04\\\/Centenario_Sezione_Monte_Suello_Saly.jpg\",\"datePublished\":\"2026-04-29T07:26:44+00:00\",\"dateModified\":\"2026-04-29T07:27:27+00:00\",\"author\":{\"@id\":\"https:\\\/\\\/www.sirmionehotel.com\\\/#\\\/schema\\\/person\\\/1aa094c577161236d86ba8c2e910eba6\"},\"breadcrumb\":{\"@id\":\"https:\\\/\\\/www.sirmionehotel.com\\\/de\\\/eventi-sirmione-lago-di-garda\\\/hundertjahrfeier-der-monte-suello-sektion-feierlichkeiten-und-besondere-veranstaltungen-in-salo\\\/#breadcrumb\"},\"inLanguage\":\"de\",\"potentialAction\":[{\"@type\":\"ReadAction\",\"target\":[\"https:\\\/\\\/www.sirmionehotel.com\\\/de\\\/eventi-sirmione-lago-di-garda\\\/hundertjahrfeier-der-monte-suello-sektion-feierlichkeiten-und-besondere-veranstaltungen-in-salo\\\/\"]}]},{\"@type\":\"ImageObject\",\"inLanguage\":\"de\",\"@id\":\"https:\\\/\\\/www.sirmionehotel.com\\\/de\\\/eventi-sirmione-lago-di-garda\\\/hundertjahrfeier-der-monte-suello-sektion-feierlichkeiten-und-besondere-veranstaltungen-in-salo\\\/#primaryimage\",\"url\":\"https:\\\/\\\/www.sirmionehotel.com\\\/wp-content\\\/uploads\\\/2026\\\/04\\\/Centenario_Sezione_Monte_Suello_Saly.jpg\",\"contentUrl\":\"https:\\\/\\\/www.sirmionehotel.com\\\/wp-content\\\/uploads\\\/2026\\\/04\\\/Centenario_Sezione_Monte_Suello_Saly.jpg\",\"width\":1024,\"height\":1024},{\"@type\":\"BreadcrumbList\",\"@id\":\"https:\\\/\\\/www.sirmionehotel.com\\\/de\\\/eventi-sirmione-lago-di-garda\\\/hundertjahrfeier-der-monte-suello-sektion-feierlichkeiten-und-besondere-veranstaltungen-in-salo\\\/#breadcrumb\",\"itemListElement\":[{\"@type\":\"ListItem\",\"position\":1,\"name\":\"Home\",\"item\":\"https:\\\/\\\/www.sirmionehotel.com\\\/de\\\/\"},{\"@type\":\"ListItem\",\"position\":2,\"name\":\"Ereignisse in Sirmione\",\"item\":\"https:\\\/\\\/www.sirmionehotel.com\\\/de\\\/ereignisse-in-sirmione\\\/\"},{\"@type\":\"ListItem\",\"position\":3,\"name\":\"Hundertjahrfeier der Monte Suello Sektion: Feierlichkeiten und Besondere Veranstaltungen in Sal\u00f2\"}]},{\"@type\":\"WebSite\",\"@id\":\"https:\\\/\\\/www.sirmionehotel.com\\\/#website\",\"url\":\"https:\\\/\\\/www.sirmionehotel.com\\\/\",\"name\":\"Consorzio Albergatori Ristoratori Sirmione\",\"description\":\"\",\"potentialAction\":[{\"@type\":\"SearchAction\",\"target\":{\"@type\":\"EntryPoint\",\"urlTemplate\":\"https:\\\/\\\/www.sirmionehotel.com\\\/?s={search_term_string}\"},\"query-input\":{\"@type\":\"PropertyValueSpecification\",\"valueRequired\":true,\"valueName\":\"search_term_string\"}}],\"inLanguage\":\"de\"},{\"@type\":\"Person\",\"@id\":\"https:\\\/\\\/www.sirmionehotel.com\\\/#\\\/schema\\\/person\\\/1aa094c577161236d86ba8c2e910eba6\",\"name\":\"alessandro\"}]}<\/script>\n<!-- \/ Yoast SEO plugin. -->","yoast_head_json":{"title":"Hundertjahrfeier der Monte Suello Sektion: Feierlichkeiten und Besondere Veranstaltungen in Sal\u00f2 - Consorzio Albergatori Ristoratori Sirmione","robots":{"index":"index","follow":"follow","max-snippet":"max-snippet:-1","max-image-preview":"max-image-preview:large","max-video-preview":"max-video-preview:-1"},"canonical":"https:\/\/www.sirmionehotel.com\/de\/eventi-sirmione-lago-di-garda\/hundertjahrfeier-der-monte-suello-sektion-feierlichkeiten-und-besondere-veranstaltungen-in-salo\/","twitter_misc":{"Verfasst von":"alessandro","Gesch\u00e4tzte Lesezeit":"1\u00a0Minute"},"schema":{"@context":"https:\/\/schema.org","@graph":[{"@type":"Article","@id":"https:\/\/www.sirmionehotel.com\/de\/eventi-sirmione-lago-di-garda\/hundertjahrfeier-der-monte-suello-sektion-feierlichkeiten-und-besondere-veranstaltungen-in-salo\/#article","isPartOf":{"@id":"https:\/\/www.sirmionehotel.com\/de\/eventi-sirmione-lago-di-garda\/hundertjahrfeier-der-monte-suello-sektion-feierlichkeiten-und-besondere-veranstaltungen-in-salo\/"},"author":{"name":"alessandro","@id":"https:\/\/www.sirmionehotel.com\/#\/schema\/person\/1aa094c577161236d86ba8c2e910eba6"},"headline":"Hundertjahrfeier der Monte Suello Sektion: Feierlichkeiten und Besondere Veranstaltungen in Sal\u00f2","datePublished":"2026-04-29T07:26:44+00:00","dateModified":"2026-04-29T07:27:27+00:00","mainEntityOfPage":{"@id":"https:\/\/www.sirmionehotel.com\/de\/eventi-sirmione-lago-di-garda\/hundertjahrfeier-der-monte-suello-sektion-feierlichkeiten-und-besondere-veranstaltungen-in-salo\/"},"wordCount":207,"image":{"@id":"https:\/\/www.sirmionehotel.com\/de\/eventi-sirmione-lago-di-garda\/hundertjahrfeier-der-monte-suello-sektion-feierlichkeiten-und-besondere-veranstaltungen-in-salo\/#primaryimage"},"thumbnailUrl":"https:\/\/www.sirmionehotel.com\/wp-content\/uploads\/2026\/04\/Centenario_Sezione_Monte_Suello_Saly.jpg","articleSection":["Ereignisse in Sirmione","Eventi Sirmione Lago di Garda"],"inLanguage":"de"},{"@type":"WebPage","@id":"https:\/\/www.sirmionehotel.com\/de\/eventi-sirmione-lago-di-garda\/hundertjahrfeier-der-monte-suello-sektion-feierlichkeiten-und-besondere-veranstaltungen-in-salo\/","url":"https:\/\/www.sirmionehotel.com\/de\/eventi-sirmione-lago-di-garda\/hundertjahrfeier-der-monte-suello-sektion-feierlichkeiten-und-besondere-veranstaltungen-in-salo\/","name":"Hundertjahrfeier der Monte Suello Sektion: Feierlichkeiten und Besondere Veranstaltungen in Sal\u00f2 - Consorzio Albergatori Ristoratori Sirmione","isPartOf":{"@id":"https:\/\/www.sirmionehotel.com\/#website"},"primaryImageOfPage":{"@id":"https:\/\/www.sirmionehotel.com\/de\/eventi-sirmione-lago-di-garda\/hundertjahrfeier-der-monte-suello-sektion-feierlichkeiten-und-besondere-veranstaltungen-in-salo\/#primaryimage"},"image":{"@id":"https:\/\/www.sirmionehotel.com\/de\/eventi-sirmione-lago-di-garda\/hundertjahrfeier-der-monte-suello-sektion-feierlichkeiten-und-besondere-veranstaltungen-in-salo\/#primaryimage"},"thumbnailUrl":"https:\/\/www.sirmionehotel.com\/wp-content\/uploads\/2026\/04\/Centenario_Sezione_Monte_Suello_Saly.jpg","datePublished":"2026-04-29T07:26:44+00:00","dateModified":"2026-04-29T07:27:27+00:00","author":{"@id":"https:\/\/www.sirmionehotel.com\/#\/schema\/person\/1aa094c577161236d86ba8c2e910eba6"},"breadcrumb":{"@id":"https:\/\/www.sirmionehotel.com\/de\/eventi-sirmione-lago-di-garda\/hundertjahrfeier-der-monte-suello-sektion-feierlichkeiten-und-besondere-veranstaltungen-in-salo\/#breadcrumb"},"inLanguage":"de","potentialAction":[{"@type":"ReadAction","target":["https:\/\/www.sirmionehotel.com\/de\/eventi-sirmione-lago-di-garda\/hundertjahrfeier-der-monte-suello-sektion-feierlichkeiten-und-besondere-veranstaltungen-in-salo\/"]}]},{"@type":"ImageObject","inLanguage":"de","@id":"https:\/\/www.sirmionehotel.com\/de\/eventi-sirmione-lago-di-garda\/hundertjahrfeier-der-monte-suello-sektion-feierlichkeiten-und-besondere-veranstaltungen-in-salo\/#primaryimage","url":"https:\/\/www.sirmionehotel.com\/wp-content\/uploads\/2026\/04\/Centenario_Sezione_Monte_Suello_Saly.jpg","contentUrl":"https:\/\/www.sirmionehotel.com\/wp-content\/uploads\/2026\/04\/Centenario_Sezione_Monte_Suello_Saly.jpg","width":1024,"height":1024},{"@type":"BreadcrumbList","@id":"https:\/\/www.sirmionehotel.com\/de\/eventi-sirmione-lago-di-garda\/hundertjahrfeier-der-monte-suello-sektion-feierlichkeiten-und-besondere-veranstaltungen-in-salo\/#breadcrumb","itemListElement":[{"@type":"ListItem","position":1,"name":"Home","item":"https:\/\/www.sirmionehotel.com\/de\/"},{"@type":"ListItem","position":2,"name":"Ereignisse in Sirmione","item":"https:\/\/www.sirmionehotel.com\/de\/ereignisse-in-sirmione\/"},{"@type":"ListItem","position":3,"name":"Hundertjahrfeier der Monte Suello Sektion: Feierlichkeiten und Besondere Veranstaltungen in Sal\u00f2"}]},{"@type":"WebSite","@id":"https:\/\/www.sirmionehotel.com\/#website","url":"https:\/\/www.sirmionehotel.com\/","name":"Consorzio Albergatori Ristoratori Sirmione","description":"","potentialAction":[{"@type":"SearchAction","target":{"@type":"EntryPoint","urlTemplate":"https:\/\/www.sirmionehotel.com\/?s={search_term_string}"},"query-input":{"@type":"PropertyValueSpecification","valueRequired":true,"valueName":"search_term_string"}}],"inLanguage":"de"},{"@type":"Person","@id":"https:\/\/www.sirmionehotel.com\/#\/schema\/person\/1aa094c577161236d86ba8c2e910eba6","name":"alessandro"}]}},"_links":{"self":[{"href":"https:\/\/www.sirmionehotel.com\/de\/wp-json\/wp\/v2\/posts\/22016","targetHints":{"allow":["GET"]}}],"collection":[{"href":"https:\/\/www.sirmionehotel.com\/de\/wp-json\/wp\/v2\/posts"}],"about":[{"href":"https:\/\/www.sirmionehotel.com\/de\/wp-json\/wp\/v2\/types\/post"}],"author":[{"embeddable":true,"href":"https:\/\/www.sirmionehotel.com\/de\/wp-json\/wp\/v2\/users\/3"}],"replies":[{"embeddable":true,"href":"https:\/\/www.sirmionehotel.com\/de\/wp-json\/wp\/v2\/comments?post=22016"}],"version-history":[{"count":1,"href":"https:\/\/www.sirmionehotel.com\/de\/wp-json\/wp\/v2\/posts\/22016\/revisions"}],"predecessor-version":[{"id":22023,"href":"https:\/\/www.sirmionehotel.com\/de\/wp-json\/wp\/v2\/posts\/22016\/revisions\/22023"}],"wp:featuredmedia":[{"embeddable":true,"href":"https:\/\/www.sirmionehotel.com\/de\/wp-json\/wp\/v2\/media\/22017"}],"wp:attachment":[{"href":"https:\/\/www.sirmionehotel.com\/de\/wp-json\/wp\/v2\/media?parent=22016"}],"wp:term":[{"taxonomy":"category","embeddable":true,"href":"https:\/\/www.sirmionehotel.com\/de\/wp-json\/wp\/v2\/categories?post=22016"},{"taxonomy":"post_tag","embeddable":true,"href":"https:\/\/www.sirmionehotel.com\/de\/wp-json\/wp\/v2\/tags?post=22016"}],"curies":[{"name":"wp","href":"https:\/\/api.w.org\/{rel}","templated":true}]}}